{"id":1482,"date":"2025-04-29T19:20:25","date_gmt":"2025-04-29T17:20:25","guid":{"rendered":"https:\/\/calrobusto.com\/?p=1482"},"modified":"2025-04-29T19:20:33","modified_gmt":"2025-04-29T17:20:33","slug":"planes-con-ninos-una-jornada-con-caballos-en-el-alt-emporda","status":"publish","type":"post","link":"https:\/\/calrobusto.com\/fr\/planes-con-ninos-una-jornada-con-caballos-en-el-alt-emporda\/","title":{"rendered":"Projets avec les enfants : une journ\u00e9e avec des chevaux dans l&#039;Alt Empord\u00e0"},"content":{"rendered":"<p><strong>Vivez une exp\u00e9rience familiale inoubliable entour\u00e9e de nature, de chevaux et d&#039;air frais.<\/strong><\/p>\n\n\n\n<p>Lorsque nous recherchons des activit\u00e9s familiales, nous voulons quelque chose d\u2019amusant, d\u2019\u00e9ducatif et de s\u00e9curitaire pour les plus petits. Et si cela permet en plus d&#039;\u00eatre dehors, d&#039;apprendre sur les animaux et de se d\u00e9connecter des \u00e9crans, c&#039;est encore mieux !<\/p>\n\n\n\n<p>Dans notre centre de tourisme \u00e9questre de l&#039;Alt Empord\u00e0, nous vous proposons un plan parfait pour profiter avec les enfants : <strong>une journ\u00e9e avec des chevaux<\/strong> entour\u00e9 de nature et de tranquillit\u00e9. Une exp\u00e9rience que les enfants adorent\u2026 et que les adultes adoreront.<\/p>\n\n\n\n<hr class=\"wp-block-separator has-alpha-channel-opacity\"\/>\n\n\n\n<h3 class=\"wp-block-heading\"><strong>1. Des itin\u00e9raires \u00e9questres adapt\u00e9s aux plus petits<\/strong><\/h3>\n\n\n\n<p>Nous savons que monter \u00e0 cheval pour la premi\u00e8re fois peut \u00eatre excitant\u2026 et aussi impressionnant. C&#039;est pourquoi nos itin\u00e9raires familiaux sont sp\u00e9cialement con\u00e7us pour :<\/p>\n\n\n\n<ul class=\"wp-block-list\">\n<li>Enfants \u00e0 partir de 6 ans (accompagn\u00e9s d&#039;un adulte).<\/li>\n\n\n\n<li>Rythmes calmes et chevaux tr\u00e8s dociles.<\/li>\n\n\n\n<li>Accompagnement rapproch\u00e9 par nos guides.<\/li>\n<\/ul>\n\n\n\n<p>Les plus petits pourront monter sur des poneys ou des chevaux calmes et adapt\u00e9s \u00e0 leur taille et \u00e0 leur niveau. Le tout dans un environnement s\u00fbr et contr\u00f4l\u00e9.<\/p>\n\n\n\n<hr class=\"wp-block-separator has-alpha-channel-opacity\"\/>\n\n\n\n<h3 class=\"wp-block-heading\"><strong>2. Premier contact avec les chevaux : respect et confiance<\/strong><\/h3>\n\n\n\n<p>Avant de monter \u00e0 cheval, les enfants ont la possibilit\u00e9 de :<\/p>\n\n\n\n<ul class=\"wp-block-list\">\n<li>Apprenez \u00e0 conna\u00eetre l\u2019animal : saluez-le, caressez-le, donnez-lui confiance.<\/li>\n\n\n\n<li>Apprenez les bases pour traiter et prendre soin d\u2019un cheval.<\/li>\n\n\n\n<li>Voyez qu&#039;il ne s&#039;agit pas seulement de rouler, mais de <strong>\u00eatre li\u00e9<\/strong> avec un \u00eatre vivant.<\/li>\n<\/ul>\n\n\n\n<p>Ce premier contact est essentiel pour \u00e9tablir la confiance, le respect et un lien \u00e9motionnel que de nombreux enfants n\u2019oublient jamais.<\/p>\n\n\n\n<hr class=\"wp-block-separator has-alpha-channel-opacity\"\/>\n\n\n\n<h3 class=\"wp-block-heading\"><strong>3. Les bienfaits de l&#039;\u00e9quitation pour les enfants<\/strong><\/h3>\n\n\n\n<p>En plus d\u2019\u00eatre une activit\u00e9 ludique, l\u2019\u00e9quitation offre de multiples bienfaits pour le d\u00e9veloppement des enfants :<\/p>\n\n\n\n<ul class=\"wp-block-list\">\n<li>Am\u00e9liore l&#039;\u00e9quilibre, la coordination et la posture.<\/li>\n\n\n\n<li>Renforcement de l&#039;estime de soi et de la confiance en soi.<\/li>\n\n\n\n<li>Promouvoir la responsabilit\u00e9 et l\u2019empathie envers les animaux.<\/li>\n<\/ul>\n\n\n\n<p>Tout cela en profitant de la campagne, sans pr\u00e9cipitation ni distractions num\u00e9riques.<\/p>\n\n\n\n<hr class=\"wp-block-separator has-alpha-channel-opacity\"\/>\n\n\n\n<h3 class=\"wp-block-heading\"><strong>4. Une journ\u00e9e compl\u00e8te : campagne, animaux et jeux<\/strong><\/h3>\n\n\n\n<p>En plus des itin\u00e9raires \u00e9questres, nous vous proposons de passer une journ\u00e9e compl\u00e8te au contact de la vie rurale :<\/p>\n\n\n\n<ul class=\"wp-block-list\">\n<li>Temps libre pour explorer la nature.<\/li>\n\n\n\n<li>Pique-nique en plein air dans notre espace d\u00e9sign\u00e9.<\/li>\n\n\n\n<li>Jeux et activit\u00e9s traditionnels \u00e0 la campagne.<\/li>\n\n\n\n<li>Possibilit\u00e9 de visiter des villes charmantes \u00e0 proximit\u00e9.<\/li>\n<\/ul>\n\n\n\n<p>L&#039;objectif est de vous faire vivre ensemble une exp\u00e9rience familiale authentique, \u00e9ducative et amusante.<\/p>\n\n\n\n<hr class=\"wp-block-separator has-alpha-channel-opacity\"\/>\n\n\n\n<h3 class=\"wp-block-heading\"><strong>5. Et les parents ? Vous l&#039;appr\u00e9cierez \u00e9galement<\/strong><\/h3>\n\n\n\n<p>Bien que l\u2019activit\u00e9 soit con\u00e7ue pour les plus petits, de nombreux parents sont surpris de voir \u00e0 quel point ils l\u2019appr\u00e9cient. Certains d\u00e9couvrent m\u00eame combien il est merveilleux de remonter sur le v\u00e9lo ou de s&#039;y mettre pour la premi\u00e8re fois.<\/p>\n\n\n\n<p>Et le meilleur dans tout \u00e7a : voir vos enfants heureux, calmes et connect\u00e9s \u00e0 la nature n\u2019a pas de prix.<\/p>\n\n\n\n<hr class=\"wp-block-separator has-alpha-channel-opacity\"\/>\n\n\n\n<h3 class=\"wp-block-heading\">Nous vous attendons dans l&#039;Alt Empord\u00e0 pour vivre une journ\u00e9e diff\u00e9rente<\/h3>\n\n\n\n<p>Si vous recherchez une escapade en famille pr\u00e8s de G\u00e9rone, entour\u00e9 de nature et du charme des chevaux, c&#039;est l&#039;escapade parfaite pour vous.<br>R\u00e9servez votre circuit familial ou votre excursion d&#039;une journ\u00e9e et d\u00e9couvrez tout ce que les chevaux peuvent apporter \u00e0 vos enfants... et \u00e0 vous.<\/p>\n\n\n\n<p><strong>Une journ\u00e9e \u00e0 cheval peut \u00eatre le meilleur cadeau \u00e0 partager avec votre famille.<\/strong><\/p>\n\n\n\n<p><\/p>\n\n\n\n<p><\/p>\n\n\n\n<p><\/p>","protected":false},"excerpt":{"rendered":"<p>Lorsque nous recherchons des activit\u00e9s familiales, nous voulons quelque chose d\u2019amusant, d\u2019\u00e9ducatif et de s\u00e9curitaire pour les plus petits. Et si cela permet en plus d&#039;\u00eatre dehors, d&#039;apprendre sur les animaux et de se d\u00e9connecter des \u00e9crans, c&#039;est encore mieux !<\/p>","protected":false},"author":6,"featured_media":655,"comment_status":"closed","ping_status":"closed","sticky":false,"template":"","format":"standard","meta":{"_acf_changed":false,"footnotes":""},"categories":[10],"tags":[],"class_list":["post-1482","post","type-post","status-publish","format-standard","has-post-thumbnail","hentry","category-consejos"],"acf":[],"yoast_head":"<!-- This site is optimized with the Yoast SEO plugin v27.4 - https:\/\/yoast.com\/product\/yoast-seo-wordpress\/ -->\n<title>Planes con ni\u00f1os: una jornada con caballos en el Alt Empord\u00e0 - Cal Robusto<\/title>\n<meta name=\"robots\" content=\"index, follow, max-snippet:-1, max-image-preview:large, max-video-preview:-1\" \/>\n<link rel=\"canonical\" href=\"https:\/\/calrobusto.com\/fr\/planes-con-ninos-una-jornada-con-caballos-en-el-alt-emporda\/\" \/>\n<meta property=\"og:locale\" content=\"fr_FR\" \/>\n<meta property=\"og:type\" content=\"article\" \/>\n<meta property=\"og:title\" content=\"Planes con ni\u00f1os: una jornada con caballos en el Alt Empord\u00e0 - Cal Robusto\" \/>\n<meta property=\"og:description\" content=\"Cuando buscamos actividades para hacer en familia, queremos algo que sea divertido, educativo y seguro para los m\u00e1s peque\u00f1os. Y si adem\u00e1s permite estar al aire libre, aprender de los animales y desconectar de las pantallas, \u00a1mejor a\u00fan!\" \/>\n<meta property=\"og:url\" content=\"https:\/\/calrobusto.com\/fr\/planes-con-ninos-una-jornada-con-caballos-en-el-alt-emporda\/\" \/>\n<meta property=\"og:site_name\" content=\"Cal Robusto\" \/>\n<meta property=\"article:published_time\" content=\"2025-04-29T17:20:25+00:00\" \/>\n<meta property=\"article:modified_time\" content=\"2025-04-29T17:20:33+00:00\" \/>\n<meta property=\"og:image\" content=\"https:\/\/calrobusto.com\/wp-content\/uploads\/2024\/08\/fba1702c-d707-4e49-a423-52be75d6d590.jpg\" \/>\n\t<meta property=\"og:image:width\" content=\"1066\" \/>\n\t<meta property=\"og:image:height\" content=\"1600\" \/>\n\t<meta property=\"og:image:type\" content=\"image\/jpeg\" \/>\n<meta name=\"author\" content=\"CalRobusto\" \/>\n<meta name=\"twitter:card\" content=\"summary_large_image\" \/>\n<meta name=\"twitter:label1\" content=\"\u00c9crit par\" \/>\n\t<meta name=\"twitter:data1\" content=\"CalRobusto\" \/>\n\t<meta name=\"twitter:label2\" content=\"Dur\u00e9e de lecture estim\u00e9e\" \/>\n\t<meta name=\"twitter:data2\" content=\"3 minutes\" \/>\n<script type=\"application\/ld+json\" class=\"yoast-schema-graph\">{\"@context\":\"https:\\\/\\\/schema.org\",\"@graph\":[{\"@type\":\"Article\",\"@id\":\"https:\\\/\\\/calrobusto.com\\\/planes-con-ninos-una-jornada-con-caballos-en-el-alt-emporda\\\/#article\",\"isPartOf\":{\"@id\":\"https:\\\/\\\/calrobusto.com\\\/planes-con-ninos-una-jornada-con-caballos-en-el-alt-emporda\\\/\"},\"author\":{\"name\":\"CalRobusto\",\"@id\":\"https:\\\/\\\/calrobusto.com\\\/#\\\/schema\\\/person\\\/ad02092f8a145b9c3733651e697b0c59\"},\"headline\":\"Planes con ni\u00f1os: una jornada con caballos en el Alt Empord\u00e0\",\"datePublished\":\"2025-04-29T17:20:25+00:00\",\"dateModified\":\"2025-04-29T17:20:33+00:00\",\"mainEntityOfPage\":{\"@id\":\"https:\\\/\\\/calrobusto.com\\\/planes-con-ninos-una-jornada-con-caballos-en-el-alt-emporda\\\/\"},\"wordCount\":545,\"publisher\":{\"@id\":\"https:\\\/\\\/calrobusto.com\\\/#organization\"},\"image\":{\"@id\":\"https:\\\/\\\/calrobusto.com\\\/planes-con-ninos-una-jornada-con-caballos-en-el-alt-emporda\\\/#primaryimage\"},\"thumbnailUrl\":\"https:\\\/\\\/calrobusto.com\\\/wp-content\\\/uploads\\\/2024\\\/08\\\/fba1702c-d707-4e49-a423-52be75d6d590.jpg\",\"articleSection\":[\"Consejos\"],\"inLanguage\":\"fr-FR\"},{\"@type\":\"WebPage\",\"@id\":\"https:\\\/\\\/calrobusto.com\\\/planes-con-ninos-una-jornada-con-caballos-en-el-alt-emporda\\\/\",\"url\":\"https:\\\/\\\/calrobusto.com\\\/planes-con-ninos-una-jornada-con-caballos-en-el-alt-emporda\\\/\",\"name\":\"Planes con ni\u00f1os: una jornada con caballos en el Alt Empord\u00e0 - Cal Robusto\",\"isPartOf\":{\"@id\":\"https:\\\/\\\/calrobusto.com\\\/#website\"},\"primaryImageOfPage\":{\"@id\":\"https:\\\/\\\/calrobusto.com\\\/planes-con-ninos-una-jornada-con-caballos-en-el-alt-emporda\\\/#primaryimage\"},\"image\":{\"@id\":\"https:\\\/\\\/calrobusto.com\\\/planes-con-ninos-una-jornada-con-caballos-en-el-alt-emporda\\\/#primaryimage\"},\"thumbnailUrl\":\"https:\\\/\\\/calrobusto.com\\\/wp-content\\\/uploads\\\/2024\\\/08\\\/fba1702c-d707-4e49-a423-52be75d6d590.jpg\",\"datePublished\":\"2025-04-29T17:20:25+00:00\",\"dateModified\":\"2025-04-29T17:20:33+00:00\",\"breadcrumb\":{\"@id\":\"https:\\\/\\\/calrobusto.com\\\/planes-con-ninos-una-jornada-con-caballos-en-el-alt-emporda\\\/#breadcrumb\"},\"inLanguage\":\"fr-FR\",\"potentialAction\":[{\"@type\":\"ReadAction\",\"target\":[\"https:\\\/\\\/calrobusto.com\\\/planes-con-ninos-una-jornada-con-caballos-en-el-alt-emporda\\\/\"]}]},{\"@type\":\"ImageObject\",\"inLanguage\":\"fr-FR\",\"@id\":\"https:\\\/\\\/calrobusto.com\\\/planes-con-ninos-una-jornada-con-caballos-en-el-alt-emporda\\\/#primaryimage\",\"url\":\"https:\\\/\\\/calrobusto.com\\\/wp-content\\\/uploads\\\/2024\\\/08\\\/fba1702c-d707-4e49-a423-52be75d6d590.jpg\",\"contentUrl\":\"https:\\\/\\\/calrobusto.com\\\/wp-content\\\/uploads\\\/2024\\\/08\\\/fba1702c-d707-4e49-a423-52be75d6d590.jpg\",\"width\":1066,\"height\":1600},{\"@type\":\"BreadcrumbList\",\"@id\":\"https:\\\/\\\/calrobusto.com\\\/planes-con-ninos-una-jornada-con-caballos-en-el-alt-emporda\\\/#breadcrumb\",\"itemListElement\":[{\"@type\":\"ListItem\",\"position\":1,\"name\":\"Portada\",\"item\":\"https:\\\/\\\/calrobusto.com\\\/\"},{\"@type\":\"ListItem\",\"position\":2,\"name\":\"Planes con ni\u00f1os: una jornada con caballos en el Alt Empord\u00e0\"}]},{\"@type\":\"WebSite\",\"@id\":\"https:\\\/\\\/calrobusto.com\\\/#website\",\"url\":\"https:\\\/\\\/calrobusto.com\\\/\",\"name\":\"Cal Robusto\",\"description\":\"\",\"publisher\":{\"@id\":\"https:\\\/\\\/calrobusto.com\\\/#organization\"},\"potentialAction\":[{\"@type\":\"SearchAction\",\"target\":{\"@type\":\"EntryPoint\",\"urlTemplate\":\"https:\\\/\\\/calrobusto.com\\\/?s={search_term_string}\"},\"query-input\":{\"@type\":\"PropertyValueSpecification\",\"valueRequired\":true,\"valueName\":\"search_term_string\"}}],\"inLanguage\":\"fr-FR\"},{\"@type\":\"Organization\",\"@id\":\"https:\\\/\\\/calrobusto.com\\\/#organization\",\"name\":\"Cal Robusto\",\"url\":\"https:\\\/\\\/calrobusto.com\\\/\",\"logo\":{\"@type\":\"ImageObject\",\"inLanguage\":\"fr-FR\",\"@id\":\"https:\\\/\\\/calrobusto.com\\\/#\\\/schema\\\/logo\\\/image\\\/\",\"url\":\"https:\\\/\\\/calrobusto.com\\\/wp-content\\\/uploads\\\/2024\\\/07\\\/CAL-ROBUSTO-logo-blanco.png\",\"contentUrl\":\"https:\\\/\\\/calrobusto.com\\\/wp-content\\\/uploads\\\/2024\\\/07\\\/CAL-ROBUSTO-logo-blanco.png\",\"width\":2826,\"height\":2022,\"caption\":\"Cal Robusto\"},\"image\":{\"@id\":\"https:\\\/\\\/calrobusto.com\\\/#\\\/schema\\\/logo\\\/image\\\/\"}},{\"@type\":\"Person\",\"@id\":\"https:\\\/\\\/calrobusto.com\\\/#\\\/schema\\\/person\\\/ad02092f8a145b9c3733651e697b0c59\",\"name\":\"CalRobusto\"}]}<\/script>\n<!-- \/ Yoast SEO plugin. -->","yoast_head_json":{"title":"Planes con ni\u00f1os: una jornada con caballos en el Alt Empord\u00e0 - Cal Robusto","robots":{"index":"index","follow":"follow","max-snippet":"max-snippet:-1","max-image-preview":"max-image-preview:large","max-video-preview":"max-video-preview:-1"},"canonical":"https:\/\/calrobusto.com\/fr\/planes-con-ninos-una-jornada-con-caballos-en-el-alt-emporda\/","og_locale":"fr_FR","og_type":"article","og_title":"Planes con ni\u00f1os: una jornada con caballos en el Alt Empord\u00e0 - Cal Robusto","og_description":"Cuando buscamos actividades para hacer en familia, queremos algo que sea divertido, educativo y seguro para los m\u00e1s peque\u00f1os. Y si adem\u00e1s permite estar al aire libre, aprender de los animales y desconectar de las pantallas, \u00a1mejor a\u00fan!","og_url":"https:\/\/calrobusto.com\/fr\/planes-con-ninos-una-jornada-con-caballos-en-el-alt-emporda\/","og_site_name":"Cal Robusto","article_published_time":"2025-04-29T17:20:25+00:00","article_modified_time":"2025-04-29T17:20:33+00:00","og_image":[{"width":1066,"height":1600,"url":"https:\/\/calrobusto.com\/wp-content\/uploads\/2024\/08\/fba1702c-d707-4e49-a423-52be75d6d590.jpg","type":"image\/jpeg"}],"author":"CalRobusto","twitter_card":"summary_large_image","twitter_misc":{"\u00c9crit par":"CalRobusto","Dur\u00e9e de lecture estim\u00e9e":"3 minutes"},"schema":{"@context":"https:\/\/schema.org","@graph":[{"@type":"Article","@id":"https:\/\/calrobusto.com\/planes-con-ninos-una-jornada-con-caballos-en-el-alt-emporda\/#article","isPartOf":{"@id":"https:\/\/calrobusto.com\/planes-con-ninos-una-jornada-con-caballos-en-el-alt-emporda\/"},"author":{"name":"CalRobusto","@id":"https:\/\/calrobusto.com\/#\/schema\/person\/ad02092f8a145b9c3733651e697b0c59"},"headline":"Planes con ni\u00f1os: una jornada con caballos en el Alt Empord\u00e0","datePublished":"2025-04-29T17:20:25+00:00","dateModified":"2025-04-29T17:20:33+00:00","mainEntityOfPage":{"@id":"https:\/\/calrobusto.com\/planes-con-ninos-una-jornada-con-caballos-en-el-alt-emporda\/"},"wordCount":545,"publisher":{"@id":"https:\/\/calrobusto.com\/#organization"},"image":{"@id":"https:\/\/calrobusto.com\/planes-con-ninos-una-jornada-con-caballos-en-el-alt-emporda\/#primaryimage"},"thumbnailUrl":"https:\/\/calrobusto.com\/wp-content\/uploads\/2024\/08\/fba1702c-d707-4e49-a423-52be75d6d590.jpg","articleSection":["Consejos"],"inLanguage":"fr-FR"},{"@type":"WebPage","@id":"https:\/\/calrobusto.com\/planes-con-ninos-una-jornada-con-caballos-en-el-alt-emporda\/","url":"https:\/\/calrobusto.com\/planes-con-ninos-una-jornada-con-caballos-en-el-alt-emporda\/","name":"Planes con ni\u00f1os: una jornada con caballos en el Alt Empord\u00e0 - Cal Robusto","isPartOf":{"@id":"https:\/\/calrobusto.com\/#website"},"primaryImageOfPage":{"@id":"https:\/\/calrobusto.com\/planes-con-ninos-una-jornada-con-caballos-en-el-alt-emporda\/#primaryimage"},"image":{"@id":"https:\/\/calrobusto.com\/planes-con-ninos-una-jornada-con-caballos-en-el-alt-emporda\/#primaryimage"},"thumbnailUrl":"https:\/\/calrobusto.com\/wp-content\/uploads\/2024\/08\/fba1702c-d707-4e49-a423-52be75d6d590.jpg","datePublished":"2025-04-29T17:20:25+00:00","dateModified":"2025-04-29T17:20:33+00:00","breadcrumb":{"@id":"https:\/\/calrobusto.com\/planes-con-ninos-una-jornada-con-caballos-en-el-alt-emporda\/#breadcrumb"},"inLanguage":"fr-FR","potentialAction":[{"@type":"ReadAction","target":["https:\/\/calrobusto.com\/planes-con-ninos-una-jornada-con-caballos-en-el-alt-emporda\/"]}]},{"@type":"ImageObject","inLanguage":"fr-FR","@id":"https:\/\/calrobusto.com\/planes-con-ninos-una-jornada-con-caballos-en-el-alt-emporda\/#primaryimage","url":"https:\/\/calrobusto.com\/wp-content\/uploads\/2024\/08\/fba1702c-d707-4e49-a423-52be75d6d590.jpg","contentUrl":"https:\/\/calrobusto.com\/wp-content\/uploads\/2024\/08\/fba1702c-d707-4e49-a423-52be75d6d590.jpg","width":1066,"height":1600},{"@type":"BreadcrumbList","@id":"https:\/\/calrobusto.com\/planes-con-ninos-una-jornada-con-caballos-en-el-alt-emporda\/#breadcrumb","itemListElement":[{"@type":"ListItem","position":1,"name":"Portada","item":"https:\/\/calrobusto.com\/"},{"@type":"ListItem","position":2,"name":"Planes con ni\u00f1os: una jornada con caballos en el Alt Empord\u00e0"}]},{"@type":"WebSite","@id":"https:\/\/calrobusto.com\/#website","url":"https:\/\/calrobusto.com\/","name":"Robusto Cal","description":"","publisher":{"@id":"https:\/\/calrobusto.com\/#organization"},"potentialAction":[{"@type":"SearchAction","target":{"@type":"EntryPoint","urlTemplate":"https:\/\/calrobusto.com\/?s={search_term_string}"},"query-input":{"@type":"PropertyValueSpecification","valueRequired":true,"valueName":"search_term_string"}}],"inLanguage":"fr-FR"},{"@type":"Organization","@id":"https:\/\/calrobusto.com\/#organization","name":"Robusto Cal","url":"https:\/\/calrobusto.com\/","logo":{"@type":"ImageObject","inLanguage":"fr-FR","@id":"https:\/\/calrobusto.com\/#\/schema\/logo\/image\/","url":"https:\/\/calrobusto.com\/wp-content\/uploads\/2024\/07\/CAL-ROBUSTO-logo-blanco.png","contentUrl":"https:\/\/calrobusto.com\/wp-content\/uploads\/2024\/07\/CAL-ROBUSTO-logo-blanco.png","width":2826,"height":2022,"caption":"Cal Robusto"},"image":{"@id":"https:\/\/calrobusto.com\/#\/schema\/logo\/image\/"}},{"@type":"Person","@id":"https:\/\/calrobusto.com\/#\/schema\/person\/ad02092f8a145b9c3733651e697b0c59","name":"CalRobusto"}]}},"_links":{"self":[{"href":"https:\/\/calrobusto.com\/fr\/wp-json\/wp\/v2\/posts\/1482","targetHints":{"allow":["GET"]}}],"collection":[{"href":"https:\/\/calrobusto.com\/fr\/wp-json\/wp\/v2\/posts"}],"about":[{"href":"https:\/\/calrobusto.com\/fr\/wp-json\/wp\/v2\/types\/post"}],"author":[{"embeddable":true,"href":"https:\/\/calrobusto.com\/fr\/wp-json\/wp\/v2\/users\/6"}],"replies":[{"embeddable":true,"href":"https:\/\/calrobusto.com\/fr\/wp-json\/wp\/v2\/comments?post=1482"}],"version-history":[{"count":1,"href":"https:\/\/calrobusto.com\/fr\/wp-json\/wp\/v2\/posts\/1482\/revisions"}],"predecessor-version":[{"id":1483,"href":"https:\/\/calrobusto.com\/fr\/wp-json\/wp\/v2\/posts\/1482\/revisions\/1483"}],"wp:featuredmedia":[{"embeddable":true,"href":"https:\/\/calrobusto.com\/fr\/wp-json\/wp\/v2\/media\/655"}],"wp:attachment":[{"href":"https:\/\/calrobusto.com\/fr\/wp-json\/wp\/v2\/media?parent=1482"}],"wp:term":[{"taxonomy":"category","embeddable":true,"href":"https:\/\/calrobusto.com\/fr\/wp-json\/wp\/v2\/categories?post=1482"},{"taxonomy":"post_tag","embeddable":true,"href":"https:\/\/calrobusto.com\/fr\/wp-json\/wp\/v2\/tags?post=1482"}],"curies":[{"name":"wp","href":"https:\/\/api.w.org\/{rel}","templated":true}]}}