{"id":1482,"date":"2025-04-29T19:20:25","date_gmt":"2025-04-29T17:20:25","guid":{"rendered":"https:\/\/calrobusto.com\/?p=1482"},"modified":"2025-04-29T19:20:33","modified_gmt":"2025-04-29T17:20:33","slug":"planes-con-ninos-una-jornada-con-caballos-en-el-alt-emporda","status":"publish","type":"post","link":"https:\/\/calrobusto.com\/ca\/planes-con-ninos-una-jornada-con-caballos-en-el-alt-emporda\/","title":{"rendered":"Plans amb nens: una jornada amb cavalls a l&#039;Alt Empord\u00e0"},"content":{"rendered":"<p><strong>Viu una experi\u00e8ncia familiar inoblidable entre natura, cavalls i aire pur<\/strong><\/p>\n\n\n\n<p>Quan busquem activitats per fer en fam\u00edlia, volem quelcom que sigui divertit, educatiu i segur per als m\u00e9s petits. I si a m\u00e9s permet estar a l&#039;aire lliure, aprendre dels animals i desconnectar de les pantalles, encara millor!<\/p>\n\n\n\n<p>Al nostre centre de turisme eq\u00fcestre a l&#039;Alt Empord\u00e0 et proposem un pla perfecte per gaudir amb nens: <strong>una jornada amb cavalls<\/strong> envoltats de natura i tranquil\u00b7litat. Una experi\u00e8ncia que encanta els nens\u2026 i sorpr\u00e8n els adults.<\/p>\n\n\n\n<hr class=\"wp-block-separator has-alpha-channel-opacity\"\/>\n\n\n\n<h3 class=\"wp-block-heading\"><strong>1. Rutes a cavall adaptades als m\u00e9s petits<\/strong><\/h3>\n\n\n\n<p>Sabem que muntar un cavall per primer cop pot generar emoci\u00f3\u2026 i tamb\u00e9 respecte. Per aix\u00f2, les nostres rutes familiars estan especialment dissenyades per a:<\/p>\n\n\n\n<ul class=\"wp-block-list\">\n<li>Xiquets a partir de 6 anys (acompanyats per un adult).<\/li>\n\n\n\n<li>Ritmes tranquils i cavalls molt d\u00f2cils.<\/li>\n\n\n\n<li>Acompanyament proper per part dels nostres guies.<\/li>\n<\/ul>\n\n\n\n<p>Els m\u00e9s petits podran muntar amb ponis o cavalls tranquils i adaptats a la seva mida i nivell. Tot en un entorn segur i controlat.<\/p>\n\n\n\n<hr class=\"wp-block-separator has-alpha-channel-opacity\"\/>\n\n\n\n<h3 class=\"wp-block-heading\"><strong>2. Primer contacte amb els cavalls: respecte i confian\u00e7a<\/strong><\/h3>\n\n\n\n<p>Abans de pujar al cavall, els nens tenen l&#039;oportunitat de:<\/p>\n\n\n\n<ul class=\"wp-block-list\">\n<li>Con\u00e8ixer l&#039;animal: saludar-lo, acaronar-lo, donar-li confian\u00e7a.<\/li>\n\n\n\n<li>Aprendre nocions b\u00e0siques sobre com tractar i cuidar un cavall.<\/li>\n\n\n\n<li>Veure que no es tracta nom\u00e9s de muntar, sin\u00f3 de <strong>relacionar-se<\/strong> amb un \u00e9sser viu.<\/li>\n<\/ul>\n\n\n\n<p>Aquest primer contacte \u00e9s clau per generar confian\u00e7a, respecte i una connexi\u00f3 emocional que molts nens no obliden mai.<\/p>\n\n\n\n<hr class=\"wp-block-separator has-alpha-channel-opacity\"\/>\n\n\n\n<h3 class=\"wp-block-heading\"><strong>3. Beneficis de muntar a cavall per als nens<\/strong><\/h3>\n\n\n\n<p>A m\u00e9s de ser una activitat divertida, muntar a cavall aporta m\u00faltiples beneficis al desenvolupament infantil:<\/p>\n\n\n\n<ul class=\"wp-block-list\">\n<li>Millora de lequilibri, la coordinaci\u00f3 i la postura.<\/li>\n\n\n\n<li>Refor\u00e7 de l&#039;autoestima i la seguretat en ells mateixos.<\/li>\n\n\n\n<li>Foment de la responsabilitat i l&#039;empatia envers els animals.<\/li>\n<\/ul>\n\n\n\n<p>Tot aix\u00f2 mentre gaudeixen del camp, sense presses i sense distraccions digitals.<\/p>\n\n\n\n<hr class=\"wp-block-separator has-alpha-channel-opacity\"\/>\n\n\n\n<h3 class=\"wp-block-heading\"><strong>4. Una jornada completa: camp, animals i jocs<\/strong><\/h3>\n\n\n\n<p>A m\u00e9s de les rutes a cavall, us proposem passar un dia complet en contacte amb la vida rural:<\/p>\n\n\n\n<ul class=\"wp-block-list\">\n<li>Temps lliure per explorar la natura.<\/li>\n\n\n\n<li>Picnic a l&#039;aire lliure al nostre espai habilitat.<\/li>\n\n\n\n<li>Jocs tradicionals i activitats al camp.<\/li>\n\n\n\n<li>Possibilitat de visitar pobles propers amb encant.<\/li>\n<\/ul>\n\n\n\n<p>L&#039;objectiu \u00e9s que visqueu junts una experi\u00e8ncia aut\u00e8ntica, educativa i divertida en fam\u00edlia.<\/p>\n\n\n\n<hr class=\"wp-block-separator has-alpha-channel-opacity\"\/>\n\n\n\n<h3 class=\"wp-block-heading\"><strong>5. I els pares? Tamb\u00e9 ho gaudireu<\/strong><\/h3>\n\n\n\n<p>Encara que l&#039;activitat estigui pensada per als m\u00e9s petits, molts pares se sorprenen de com la gaudeixen molt. Alguns fins i tot descobreixen com \u00e9s de bonic tornar a muntar o animar-se per primera vegada.<\/p>\n\n\n\n<p>I el millor: veure els teus fills feli\u00e7os, tranquils i connectats amb la natura no t\u00e9 preu.<\/p>\n\n\n\n<hr class=\"wp-block-separator has-alpha-channel-opacity\"\/>\n\n\n\n<h3 class=\"wp-block-heading\">T&#039;esperem a l&#039;Alt Empord\u00e0 per viure un dia diferent<\/h3>\n\n\n\n<p>Si busques un pla familiar a prop de Girona, envoltat de natura i amb l&#039;encant dels cavalls, aquesta \u00e9s la teva escapada ideal.<br>Reserva la teva ruta o jornada familiar i descobreix tot all\u00f2 que els cavalls poden aportar als teus fills\u2026 ia tu.<\/p>\n\n\n\n<p><strong>Una jornada amb cavalls pot ser el millor regal per a compartir en fam\u00edlia.<\/strong><\/p>\n\n\n\n<p><\/p>\n\n\n\n<p><\/p>\n\n\n\n<p><\/p>","protected":false},"excerpt":{"rendered":"<p>Quan busquem activitats per fer en fam\u00edlia, volem quelcom que sigui divertit, educatiu i segur per als m\u00e9s petits. I si a m\u00e9s permet estar a l&#039;aire lliure, aprendre dels animals i desconnectar de les pantalles, encara millor!<\/p>","protected":false},"author":6,"featured_media":655,"comment_status":"closed","ping_status":"closed","sticky":false,"template":"","format":"standard","meta":{"_acf_changed":false,"footnotes":""},"categories":[10],"tags":[],"class_list":["post-1482","post","type-post","status-publish","format-standard","has-post-thumbnail","hentry","category-consejos"],"acf":[],"yoast_head":"<!-- This site is optimized with the Yoast SEO plugin v27.4 - https:\/\/yoast.com\/product\/yoast-seo-wordpress\/ -->\n<title>Planes con ni\u00f1os: una jornada con caballos en el Alt Empord\u00e0 - Cal Robusto<\/title>\n<meta name=\"robots\" content=\"index, follow, max-snippet:-1, max-image-preview:large, max-video-preview:-1\" \/>\n<link rel=\"canonical\" href=\"https:\/\/calrobusto.com\/ca\/planes-con-ninos-una-jornada-con-caballos-en-el-alt-emporda\/\" \/>\n<meta property=\"og:locale\" content=\"ca_ES\" \/>\n<meta property=\"og:type\" content=\"article\" \/>\n<meta property=\"og:title\" content=\"Planes con ni\u00f1os: una jornada con caballos en el Alt Empord\u00e0 - Cal Robusto\" \/>\n<meta property=\"og:description\" content=\"Cuando buscamos actividades para hacer en familia, queremos algo que sea divertido, educativo y seguro para los m\u00e1s peque\u00f1os. Y si adem\u00e1s permite estar al aire libre, aprender de los animales y desconectar de las pantallas, \u00a1mejor a\u00fan!\" \/>\n<meta property=\"og:url\" content=\"https:\/\/calrobusto.com\/ca\/planes-con-ninos-una-jornada-con-caballos-en-el-alt-emporda\/\" \/>\n<meta property=\"og:site_name\" content=\"Cal Robusto\" \/>\n<meta property=\"article:published_time\" content=\"2025-04-29T17:20:25+00:00\" \/>\n<meta property=\"article:modified_time\" content=\"2025-04-29T17:20:33+00:00\" \/>\n<meta property=\"og:image\" content=\"https:\/\/calrobusto.com\/wp-content\/uploads\/2024\/08\/fba1702c-d707-4e49-a423-52be75d6d590.jpg\" \/>\n\t<meta property=\"og:image:width\" content=\"1066\" \/>\n\t<meta property=\"og:image:height\" content=\"1600\" \/>\n\t<meta property=\"og:image:type\" content=\"image\/jpeg\" \/>\n<meta name=\"author\" content=\"CalRobusto\" \/>\n<meta name=\"twitter:card\" content=\"summary_large_image\" \/>\n<meta name=\"twitter:label1\" content=\"Escrit per\" \/>\n\t<meta name=\"twitter:data1\" content=\"CalRobusto\" \/>\n\t<meta name=\"twitter:label2\" content=\"Temps estimat de lectura\" \/>\n\t<meta name=\"twitter:data2\" content=\"3 minuts\" \/>\n<script type=\"application\/ld+json\" class=\"yoast-schema-graph\">{\"@context\":\"https:\\\/\\\/schema.org\",\"@graph\":[{\"@type\":\"Article\",\"@id\":\"https:\\\/\\\/calrobusto.com\\\/planes-con-ninos-una-jornada-con-caballos-en-el-alt-emporda\\\/#article\",\"isPartOf\":{\"@id\":\"https:\\\/\\\/calrobusto.com\\\/planes-con-ninos-una-jornada-con-caballos-en-el-alt-emporda\\\/\"},\"author\":{\"name\":\"CalRobusto\",\"@id\":\"https:\\\/\\\/calrobusto.com\\\/#\\\/schema\\\/person\\\/ad02092f8a145b9c3733651e697b0c59\"},\"headline\":\"Planes con ni\u00f1os: una jornada con caballos en el Alt Empord\u00e0\",\"datePublished\":\"2025-04-29T17:20:25+00:00\",\"dateModified\":\"2025-04-29T17:20:33+00:00\",\"mainEntityOfPage\":{\"@id\":\"https:\\\/\\\/calrobusto.com\\\/planes-con-ninos-una-jornada-con-caballos-en-el-alt-emporda\\\/\"},\"wordCount\":545,\"publisher\":{\"@id\":\"https:\\\/\\\/calrobusto.com\\\/#organization\"},\"image\":{\"@id\":\"https:\\\/\\\/calrobusto.com\\\/planes-con-ninos-una-jornada-con-caballos-en-el-alt-emporda\\\/#primaryimage\"},\"thumbnailUrl\":\"https:\\\/\\\/calrobusto.com\\\/wp-content\\\/uploads\\\/2024\\\/08\\\/fba1702c-d707-4e49-a423-52be75d6d590.jpg\",\"articleSection\":[\"Consejos\"],\"inLanguage\":\"ca\"},{\"@type\":\"WebPage\",\"@id\":\"https:\\\/\\\/calrobusto.com\\\/planes-con-ninos-una-jornada-con-caballos-en-el-alt-emporda\\\/\",\"url\":\"https:\\\/\\\/calrobusto.com\\\/planes-con-ninos-una-jornada-con-caballos-en-el-alt-emporda\\\/\",\"name\":\"Planes con ni\u00f1os: una jornada con caballos en el Alt Empord\u00e0 - Cal Robusto\",\"isPartOf\":{\"@id\":\"https:\\\/\\\/calrobusto.com\\\/#website\"},\"primaryImageOfPage\":{\"@id\":\"https:\\\/\\\/calrobusto.com\\\/planes-con-ninos-una-jornada-con-caballos-en-el-alt-emporda\\\/#primaryimage\"},\"image\":{\"@id\":\"https:\\\/\\\/calrobusto.com\\\/planes-con-ninos-una-jornada-con-caballos-en-el-alt-emporda\\\/#primaryimage\"},\"thumbnailUrl\":\"https:\\\/\\\/calrobusto.com\\\/wp-content\\\/uploads\\\/2024\\\/08\\\/fba1702c-d707-4e49-a423-52be75d6d590.jpg\",\"datePublished\":\"2025-04-29T17:20:25+00:00\",\"dateModified\":\"2025-04-29T17:20:33+00:00\",\"breadcrumb\":{\"@id\":\"https:\\\/\\\/calrobusto.com\\\/planes-con-ninos-una-jornada-con-caballos-en-el-alt-emporda\\\/#breadcrumb\"},\"inLanguage\":\"ca\",\"potentialAction\":[{\"@type\":\"ReadAction\",\"target\":[\"https:\\\/\\\/calrobusto.com\\\/planes-con-ninos-una-jornada-con-caballos-en-el-alt-emporda\\\/\"]}]},{\"@type\":\"ImageObject\",\"inLanguage\":\"ca\",\"@id\":\"https:\\\/\\\/calrobusto.com\\\/planes-con-ninos-una-jornada-con-caballos-en-el-alt-emporda\\\/#primaryimage\",\"url\":\"https:\\\/\\\/calrobusto.com\\\/wp-content\\\/uploads\\\/2024\\\/08\\\/fba1702c-d707-4e49-a423-52be75d6d590.jpg\",\"contentUrl\":\"https:\\\/\\\/calrobusto.com\\\/wp-content\\\/uploads\\\/2024\\\/08\\\/fba1702c-d707-4e49-a423-52be75d6d590.jpg\",\"width\":1066,\"height\":1600},{\"@type\":\"BreadcrumbList\",\"@id\":\"https:\\\/\\\/calrobusto.com\\\/planes-con-ninos-una-jornada-con-caballos-en-el-alt-emporda\\\/#breadcrumb\",\"itemListElement\":[{\"@type\":\"ListItem\",\"position\":1,\"name\":\"Portada\",\"item\":\"https:\\\/\\\/calrobusto.com\\\/\"},{\"@type\":\"ListItem\",\"position\":2,\"name\":\"Planes con ni\u00f1os: una jornada con caballos en el Alt Empord\u00e0\"}]},{\"@type\":\"WebSite\",\"@id\":\"https:\\\/\\\/calrobusto.com\\\/#website\",\"url\":\"https:\\\/\\\/calrobusto.com\\\/\",\"name\":\"Cal Robusto\",\"description\":\"\",\"publisher\":{\"@id\":\"https:\\\/\\\/calrobusto.com\\\/#organization\"},\"potentialAction\":[{\"@type\":\"SearchAction\",\"target\":{\"@type\":\"EntryPoint\",\"urlTemplate\":\"https:\\\/\\\/calrobusto.com\\\/?s={search_term_string}\"},\"query-input\":{\"@type\":\"PropertyValueSpecification\",\"valueRequired\":true,\"valueName\":\"search_term_string\"}}],\"inLanguage\":\"ca\"},{\"@type\":\"Organization\",\"@id\":\"https:\\\/\\\/calrobusto.com\\\/#organization\",\"name\":\"Cal Robusto\",\"url\":\"https:\\\/\\\/calrobusto.com\\\/\",\"logo\":{\"@type\":\"ImageObject\",\"inLanguage\":\"ca\",\"@id\":\"https:\\\/\\\/calrobusto.com\\\/#\\\/schema\\\/logo\\\/image\\\/\",\"url\":\"https:\\\/\\\/calrobusto.com\\\/wp-content\\\/uploads\\\/2024\\\/07\\\/CAL-ROBUSTO-logo-blanco.png\",\"contentUrl\":\"https:\\\/\\\/calrobusto.com\\\/wp-content\\\/uploads\\\/2024\\\/07\\\/CAL-ROBUSTO-logo-blanco.png\",\"width\":2826,\"height\":2022,\"caption\":\"Cal Robusto\"},\"image\":{\"@id\":\"https:\\\/\\\/calrobusto.com\\\/#\\\/schema\\\/logo\\\/image\\\/\"}},{\"@type\":\"Person\",\"@id\":\"https:\\\/\\\/calrobusto.com\\\/#\\\/schema\\\/person\\\/ad02092f8a145b9c3733651e697b0c59\",\"name\":\"CalRobusto\"}]}<\/script>\n<!-- \/ Yoast SEO plugin. -->","yoast_head_json":{"title":"Planes con ni\u00f1os: una jornada con caballos en el Alt Empord\u00e0 - Cal Robusto","robots":{"index":"index","follow":"follow","max-snippet":"max-snippet:-1","max-image-preview":"max-image-preview:large","max-video-preview":"max-video-preview:-1"},"canonical":"https:\/\/calrobusto.com\/ca\/planes-con-ninos-una-jornada-con-caballos-en-el-alt-emporda\/","og_locale":"ca_ES","og_type":"article","og_title":"Planes con ni\u00f1os: una jornada con caballos en el Alt Empord\u00e0 - Cal Robusto","og_description":"Cuando buscamos actividades para hacer en familia, queremos algo que sea divertido, educativo y seguro para los m\u00e1s peque\u00f1os. Y si adem\u00e1s permite estar al aire libre, aprender de los animales y desconectar de las pantallas, \u00a1mejor a\u00fan!","og_url":"https:\/\/calrobusto.com\/ca\/planes-con-ninos-una-jornada-con-caballos-en-el-alt-emporda\/","og_site_name":"Cal Robusto","article_published_time":"2025-04-29T17:20:25+00:00","article_modified_time":"2025-04-29T17:20:33+00:00","og_image":[{"width":1066,"height":1600,"url":"https:\/\/calrobusto.com\/wp-content\/uploads\/2024\/08\/fba1702c-d707-4e49-a423-52be75d6d590.jpg","type":"image\/jpeg"}],"author":"CalRobusto","twitter_card":"summary_large_image","twitter_misc":{"Escrit per":"CalRobusto","Temps estimat de lectura":"3 minuts"},"schema":{"@context":"https:\/\/schema.org","@graph":[{"@type":"Article","@id":"https:\/\/calrobusto.com\/planes-con-ninos-una-jornada-con-caballos-en-el-alt-emporda\/#article","isPartOf":{"@id":"https:\/\/calrobusto.com\/planes-con-ninos-una-jornada-con-caballos-en-el-alt-emporda\/"},"author":{"name":"CalRobusto","@id":"https:\/\/calrobusto.com\/#\/schema\/person\/ad02092f8a145b9c3733651e697b0c59"},"headline":"Planes con ni\u00f1os: una jornada con caballos en el Alt Empord\u00e0","datePublished":"2025-04-29T17:20:25+00:00","dateModified":"2025-04-29T17:20:33+00:00","mainEntityOfPage":{"@id":"https:\/\/calrobusto.com\/planes-con-ninos-una-jornada-con-caballos-en-el-alt-emporda\/"},"wordCount":545,"publisher":{"@id":"https:\/\/calrobusto.com\/#organization"},"image":{"@id":"https:\/\/calrobusto.com\/planes-con-ninos-una-jornada-con-caballos-en-el-alt-emporda\/#primaryimage"},"thumbnailUrl":"https:\/\/calrobusto.com\/wp-content\/uploads\/2024\/08\/fba1702c-d707-4e49-a423-52be75d6d590.jpg","articleSection":["Consejos"],"inLanguage":"ca"},{"@type":"WebPage","@id":"https:\/\/calrobusto.com\/planes-con-ninos-una-jornada-con-caballos-en-el-alt-emporda\/","url":"https:\/\/calrobusto.com\/planes-con-ninos-una-jornada-con-caballos-en-el-alt-emporda\/","name":"Planes con ni\u00f1os: una jornada con caballos en el Alt Empord\u00e0 - Cal Robusto","isPartOf":{"@id":"https:\/\/calrobusto.com\/#website"},"primaryImageOfPage":{"@id":"https:\/\/calrobusto.com\/planes-con-ninos-una-jornada-con-caballos-en-el-alt-emporda\/#primaryimage"},"image":{"@id":"https:\/\/calrobusto.com\/planes-con-ninos-una-jornada-con-caballos-en-el-alt-emporda\/#primaryimage"},"thumbnailUrl":"https:\/\/calrobusto.com\/wp-content\/uploads\/2024\/08\/fba1702c-d707-4e49-a423-52be75d6d590.jpg","datePublished":"2025-04-29T17:20:25+00:00","dateModified":"2025-04-29T17:20:33+00:00","breadcrumb":{"@id":"https:\/\/calrobusto.com\/planes-con-ninos-una-jornada-con-caballos-en-el-alt-emporda\/#breadcrumb"},"inLanguage":"ca","potentialAction":[{"@type":"ReadAction","target":["https:\/\/calrobusto.com\/planes-con-ninos-una-jornada-con-caballos-en-el-alt-emporda\/"]}]},{"@type":"ImageObject","inLanguage":"ca","@id":"https:\/\/calrobusto.com\/planes-con-ninos-una-jornada-con-caballos-en-el-alt-emporda\/#primaryimage","url":"https:\/\/calrobusto.com\/wp-content\/uploads\/2024\/08\/fba1702c-d707-4e49-a423-52be75d6d590.jpg","contentUrl":"https:\/\/calrobusto.com\/wp-content\/uploads\/2024\/08\/fba1702c-d707-4e49-a423-52be75d6d590.jpg","width":1066,"height":1600},{"@type":"BreadcrumbList","@id":"https:\/\/calrobusto.com\/planes-con-ninos-una-jornada-con-caballos-en-el-alt-emporda\/#breadcrumb","itemListElement":[{"@type":"ListItem","position":1,"name":"Portada","item":"https:\/\/calrobusto.com\/"},{"@type":"ListItem","position":2,"name":"Planes con ni\u00f1os: una jornada con caballos en el Alt Empord\u00e0"}]},{"@type":"WebSite","@id":"https:\/\/calrobusto.com\/#website","url":"https:\/\/calrobusto.com\/","name":"Cal Robust","description":"","publisher":{"@id":"https:\/\/calrobusto.com\/#organization"},"potentialAction":[{"@type":"SearchAction","target":{"@type":"EntryPoint","urlTemplate":"https:\/\/calrobusto.com\/?s={search_term_string}"},"query-input":{"@type":"PropertyValueSpecification","valueRequired":true,"valueName":"search_term_string"}}],"inLanguage":"ca"},{"@type":"Organization","@id":"https:\/\/calrobusto.com\/#organization","name":"Cal Robust","url":"https:\/\/calrobusto.com\/","logo":{"@type":"ImageObject","inLanguage":"ca","@id":"https:\/\/calrobusto.com\/#\/schema\/logo\/image\/","url":"https:\/\/calrobusto.com\/wp-content\/uploads\/2024\/07\/CAL-ROBUSTO-logo-blanco.png","contentUrl":"https:\/\/calrobusto.com\/wp-content\/uploads\/2024\/07\/CAL-ROBUSTO-logo-blanco.png","width":2826,"height":2022,"caption":"Cal Robusto"},"image":{"@id":"https:\/\/calrobusto.com\/#\/schema\/logo\/image\/"}},{"@type":"Person","@id":"https:\/\/calrobusto.com\/#\/schema\/person\/ad02092f8a145b9c3733651e697b0c59","name":"CalRobusto"}]}},"_links":{"self":[{"href":"https:\/\/calrobusto.com\/ca\/wp-json\/wp\/v2\/posts\/1482","targetHints":{"allow":["GET"]}}],"collection":[{"href":"https:\/\/calrobusto.com\/ca\/wp-json\/wp\/v2\/posts"}],"about":[{"href":"https:\/\/calrobusto.com\/ca\/wp-json\/wp\/v2\/types\/post"}],"author":[{"embeddable":true,"href":"https:\/\/calrobusto.com\/ca\/wp-json\/wp\/v2\/users\/6"}],"replies":[{"embeddable":true,"href":"https:\/\/calrobusto.com\/ca\/wp-json\/wp\/v2\/comments?post=1482"}],"version-history":[{"count":1,"href":"https:\/\/calrobusto.com\/ca\/wp-json\/wp\/v2\/posts\/1482\/revisions"}],"predecessor-version":[{"id":1483,"href":"https:\/\/calrobusto.com\/ca\/wp-json\/wp\/v2\/posts\/1482\/revisions\/1483"}],"wp:featuredmedia":[{"embeddable":true,"href":"https:\/\/calrobusto.com\/ca\/wp-json\/wp\/v2\/media\/655"}],"wp:attachment":[{"href":"https:\/\/calrobusto.com\/ca\/wp-json\/wp\/v2\/media?parent=1482"}],"wp:term":[{"taxonomy":"category","embeddable":true,"href":"https:\/\/calrobusto.com\/ca\/wp-json\/wp\/v2\/categories?post=1482"},{"taxonomy":"post_tag","embeddable":true,"href":"https:\/\/calrobusto.com\/ca\/wp-json\/wp\/v2\/tags?post=1482"}],"curies":[{"name":"wp","href":"https:\/\/api.w.org\/{rel}","templated":true}]}}